{"id":743,"date":"2009-02-04T00:00:00","date_gmt":"2009-02-03T23:00:00","guid":{"rendered":"http:\/\/dev.cilsrbija.org\/2009\/02\/04\/sajt-baza-podataka-za-osobe-sa-invaliditetom\/"},"modified":"2009-02-04T00:00:00","modified_gmt":"2009-02-03T23:00:00","slug":"sajt-baza-podataka-za-osobe-sa-invaliditetom","status":"publish","type":"post","link":"https:\/\/www.cilsrbija.org\/en\/2009\/02\/04\/sajt-baza-podataka-za-osobe-sa-invaliditetom\/","title":{"rendered":"Sajt, baza podataka za osobe sa invaliditetom."},"content":{"rendered":"<p><a href=\"http:\/\/www.osi-uzice.rs\" target=\"_blank\" rel=\"noopener\"><font face=\"georgia,palatino\" size=\"2\"><img loading=\"lazy\" decoding=\"async\" src=\"slike\/osiuzice.jpg\" border=\"0\" alt=\"\" width=\"400\" height=\"113\" \/><\/font><\/a><font face=\"georgia,palatino\" size=\"2\"> <\/font><\/p>\n<p><font face=\"georgia,palatino\" size=\"2\">Povodom zav&scaron;etka projekta koji je realizovalo Udru\u017eenje distrofi&#269;ara Zlatiborskog okruga odr\u017eana je prezentacija realizovanih aktivnosti na kojoj su prisustvovali predstavnici lokalne samouprave i organizacija osoba sa invaliditetom koji su bili i saradnici na projektu. <\/font><\/p>\n<p><font face=\"georgia,palatino\" size=\"2\">Tokom druge polovine pro&scaron;le godine Udru\u017eenje distrofi&#269;ara Zlatiborskog okruga realizovalo je projekat &bdquo;Putevi integracije&ldquo; uz finsijsku podr&scaron;ku grada U\u017eica u okviru Reforme socijalne politike za unapre&#273;enje polo\u017eaja osoba sa invaliditetom i partnersku saradnju Centra za socijalni rad i Udru\u017eenja invalida cerebralne i decje paralize U\u017eice. <\/font><\/p>\n<p><font face=\"georgia,palatino\" size=\"2\">Projekat je realizovan u &#269;etiri programa &#269;ija je d irektna ciljna grupa bile postoje&#263;e Organizacije osoba sa invaliditetom, same osobe sa invaliditetom, institucije i ustanove koje su po prirodi delatnosti upu&#263;ene i bave se direktnim korisnicima kao i medij i. <\/font><\/p>\n<p><font face=\"georgia,palatino\" size=\"2\">Realizacijom programa Info Centra za osobe sa invaliditetom, stvaranjem jedinstvene baze podataka osoba sa invaliditetom, postavljanjem objedinjenog sajta i edukativnih programa osnovni cilj projekta bio je da se uspostave razni oblici me&#273;usobne i me&#273;usektorske saradnje, podugnu kapaciteti Organizacija osoba sa invalditetom i unaprede servisi podr&scaron;ke osoba sa invalditetom pa samim tim i pobolj&scaron;a polo\u017eaj svih direktnih korisnika po &#269;ijem mi&scaron;ljenju ovaj cilj je i ostvaren. <\/font><\/p>\n<p><font face=\"georgia,palatino\"><font size=\"2\"><strong>A prepoznav&scaron;i potrebe za programom <\/strong><strong>Info Centar OSI i na osnovu ostvarenih rezultata ovaj deo projekta postigao je odr\u017eivost i od ove godine finansira&#263;e se iz bud\u017eeta grada U\u017eica. <\/strong><\/font><\/font><\/p>\n<p><font face=\"georgia,palatino\" size=\"2\"><a href=\"\/en\/dokumenti\/flajer_putevi%20integracije.pdf\/\" target=\"_blank\" rel=\"noopener\">flajer &#8222;Putevi integracije&#8220;<\/a><\/font> <\/p>\n<p><font face=\"georgia,palatino\" size=\"2\"><\/font><\/p>\n<p><strong><font face=\"georgia,palatino\" size=\"2\">Tijana Petrovi&#263; <\/font><\/strong><\/p>\n<p><font face=\"georgia,palatino\" size=\"2\">PR Udru\u017eenja distrofi&#269;ara<br \/>Zlatiborskog okruga<br \/><\/font><a href=\"mailto:rcosiue@gmail.com\"><font face=\"georgia,palatino\" size=\"2\">rcosiue@gmail.com<\/font><\/a><br \/><font face=\"georgia,palatino\"><font size=\"2\"><em>tel: 031\/500-122<br \/><\/em><em>mob: 064\/639-86-81<\/em><\/font><\/font><\/p>\n<p><em><a href=\"http:\/\/www.osi-uzice.rs\" target=\"_blank\" rel=\"noopener\"><font face=\"georgia,palatino\" size=\"2\">www.osi-uzice.rs<\/font><\/a><\/em><\/p>","protected":false},"excerpt":{"rendered":"<p>Povodom zav\u0161etka projekta   koji je realizovalo Udru\u017eenje distrofi&#269;ara Zlat<\/p>","protected":false},"author":2,"featured_media":0,"comment_status":"open","ping_status":"open","sticky":false,"template":"","format":"standard","meta":{"footnotes":""},"categories":[1],"tags":[],"class_list":["post-743","post","type-post","status-publish","format-standard","hentry","category-novosti"],"_links":{"self":[{"href":"https:\/\/www.cilsrbija.org\/en\/wp-json\/wp\/v2\/posts\/743","targetHints":{"allow":["GET"]}}],"collection":[{"href":"https:\/\/www.cilsrbija.org\/en\/wp-json\/wp\/v2\/posts"}],"about":[{"href":"https:\/\/www.cilsrbija.org\/en\/wp-json\/wp\/v2\/types\/post"}],"author":[{"embeddable":true,"href":"https:\/\/www.cilsrbija.org\/en\/wp-json\/wp\/v2\/users\/2"}],"replies":[{"embeddable":true,"href":"https:\/\/www.cilsrbija.org\/en\/wp-json\/wp\/v2\/comments?post=743"}],"version-history":[{"count":0,"href":"https:\/\/www.cilsrbija.org\/en\/wp-json\/wp\/v2\/posts\/743\/revisions"}],"wp:attachment":[{"href":"https:\/\/www.cilsrbija.org\/en\/wp-json\/wp\/v2\/media?parent=743"}],"wp:term":[{"taxonomy":"category","embeddable":true,"href":"https:\/\/www.cilsrbija.org\/en\/wp-json\/wp\/v2\/categories?post=743"},{"taxonomy":"post_tag","embeddable":true,"href":"https:\/\/www.cilsrbija.org\/en\/wp-json\/wp\/v2\/tags?post=743"}],"curies":[{"name":"wp","href":"https:\/\/api.w.org\/{rel}","templated":true}]}}