{"id":2435,"date":"2026-04-28T10:22:12","date_gmt":"2026-04-28T08:22:12","guid":{"rendered":"https:\/\/www.cilsrbija.org\/?p=2435"},"modified":"2026-04-28T10:22:13","modified_gmt":"2026-04-28T08:22:13","slug":"94-ta-obuka-za-personalne-asistente","status":"publish","type":"post","link":"https:\/\/www.cilsrbija.org\/en\/2026\/04\/28\/94-ta-obuka-za-personalne-asistente\/","title":{"rendered":"94-ta obuka za personalne asistente"},"content":{"rendered":"<p>U Beogradu je od 22-24. aprila odr\u017eana jo\u0161 jedna obuka za personalne asistente.<\/p>\n\n\n\n<p>Odli\u010dna radna atmosfera. Hvala svima!<\/p>\n\n\n\n<figure class=\"wp-block-gallery has-nested-images columns-default is-cropped wp-block-gallery-1 is-layout-flex wp-block-gallery-is-layout-flex\">\n<figure class=\"wp-block-image size-large\"><img loading=\"lazy\" decoding=\"async\" width=\"1024\" height=\"768\" data-id=\"2436\" src=\"https:\/\/www.cilsrbija.org\/wp-content\/uploads\/2026\/04\/679821081_943784871705056_5840851618398720547_n-1024x768.jpg\" alt=\"\" class=\"wp-image-2436\" srcset=\"https:\/\/www.cilsrbija.org\/wp-content\/uploads\/2026\/04\/679821081_943784871705056_5840851618398720547_n-1024x768.jpg 1024w, https:\/\/www.cilsrbija.org\/wp-content\/uploads\/2026\/04\/679821081_943784871705056_5840851618398720547_n-300x225.jpg 300w, https:\/\/www.cilsrbija.org\/wp-content\/uploads\/2026\/04\/679821081_943784871705056_5840851618398720547_n-768x576.jpg 768w, https:\/\/www.cilsrbija.org\/wp-content\/uploads\/2026\/04\/679821081_943784871705056_5840851618398720547_n-1536x1152.jpg 1536w, https:\/\/www.cilsrbija.org\/wp-content\/uploads\/2026\/04\/679821081_943784871705056_5840851618398720547_n-16x12.jpg 16w, https:\/\/www.cilsrbija.org\/wp-content\/uploads\/2026\/04\/679821081_943784871705056_5840851618398720547_n.jpg 1600w\" sizes=\"auto, (max-width: 1024px) 100vw, 1024px\" \/><\/figure>\n\n\n\n<figure class=\"wp-block-image size-large\"><img loading=\"lazy\" decoding=\"async\" width=\"921\" height=\"1024\" data-id=\"2438\" src=\"https:\/\/www.cilsrbija.org\/wp-content\/uploads\/2026\/04\/680399958_943785015038375_3604232637675986386_n-921x1024.jpg\" alt=\"\" class=\"wp-image-2438\" srcset=\"https:\/\/www.cilsrbija.org\/wp-content\/uploads\/2026\/04\/680399958_943785015038375_3604232637675986386_n-921x1024.jpg 921w, https:\/\/www.cilsrbija.org\/wp-content\/uploads\/2026\/04\/680399958_943785015038375_3604232637675986386_n-270x300.jpg 270w, https:\/\/www.cilsrbija.org\/wp-content\/uploads\/2026\/04\/680399958_943785015038375_3604232637675986386_n-768x854.jpg 768w, https:\/\/www.cilsrbija.org\/wp-content\/uploads\/2026\/04\/680399958_943785015038375_3604232637675986386_n-1382x1536.jpg 1382w, https:\/\/www.cilsrbija.org\/wp-content\/uploads\/2026\/04\/680399958_943785015038375_3604232637675986386_n-11x12.jpg 11w, https:\/\/www.cilsrbija.org\/wp-content\/uploads\/2026\/04\/680399958_943785015038375_3604232637675986386_n.jpg 1842w\" sizes=\"auto, (max-width: 921px) 100vw, 921px\" \/><\/figure>\n\n\n\n<figure class=\"wp-block-image size-large\"><img loading=\"lazy\" decoding=\"async\" width=\"957\" height=\"1024\" data-id=\"2437\" src=\"https:\/\/www.cilsrbija.org\/wp-content\/uploads\/2026\/04\/682786566_943784908371719_8361412234902830565_n-957x1024.jpg\" alt=\"\" class=\"wp-image-2437\" srcset=\"https:\/\/www.cilsrbija.org\/wp-content\/uploads\/2026\/04\/682786566_943784908371719_8361412234902830565_n-957x1024.jpg 957w, https:\/\/www.cilsrbija.org\/wp-content\/uploads\/2026\/04\/682786566_943784908371719_8361412234902830565_n-281x300.jpg 281w, https:\/\/www.cilsrbija.org\/wp-content\/uploads\/2026\/04\/682786566_943784908371719_8361412234902830565_n-768x821.jpg 768w, https:\/\/www.cilsrbija.org\/wp-content\/uploads\/2026\/04\/682786566_943784908371719_8361412234902830565_n-1436x1536.jpg 1436w, https:\/\/www.cilsrbija.org\/wp-content\/uploads\/2026\/04\/682786566_943784908371719_8361412234902830565_n-11x12.jpg 11w, https:\/\/www.cilsrbija.org\/wp-content\/uploads\/2026\/04\/682786566_943784908371719_8361412234902830565_n.jpg 1496w\" sizes=\"auto, (max-width: 957px) 100vw, 957px\" \/><\/figure>\n<\/figure>\n\n\n\n<p><\/p>","protected":false},"excerpt":{"rendered":"<p>U Beogradu je od 22-24. aprila odr\u017eana jo\u0161 jedna obuka za personalne asistente. Odli\u010dna radna atmosfera. Hvala svima!<\/p>","protected":false},"author":2,"featured_media":0,"comment_status":"closed","ping_status":"open","sticky":false,"template":"","format":"standard","meta":{"footnotes":""},"categories":[1],"tags":[151,72,169,170,126,240],"class_list":["post-2435","post","type-post","status-publish","format-standard","hentry","category-novosti","tag-cil-smederevo","tag-cil-srbija","tag-ivanagvozdenovic","tag-jovanmladenovic","tag-mimicazivadinovic","tag-persolnaasistencija"],"_links":{"self":[{"href":"https:\/\/www.cilsrbija.org\/en\/wp-json\/wp\/v2\/posts\/2435","targetHints":{"allow":["GET"]}}],"collection":[{"href":"https:\/\/www.cilsrbija.org\/en\/wp-json\/wp\/v2\/posts"}],"about":[{"href":"https:\/\/www.cilsrbija.org\/en\/wp-json\/wp\/v2\/types\/post"}],"author":[{"embeddable":true,"href":"https:\/\/www.cilsrbija.org\/en\/wp-json\/wp\/v2\/users\/2"}],"replies":[{"embeddable":true,"href":"https:\/\/www.cilsrbija.org\/en\/wp-json\/wp\/v2\/comments?post=2435"}],"version-history":[{"count":1,"href":"https:\/\/www.cilsrbija.org\/en\/wp-json\/wp\/v2\/posts\/2435\/revisions"}],"predecessor-version":[{"id":2439,"href":"https:\/\/www.cilsrbija.org\/en\/wp-json\/wp\/v2\/posts\/2435\/revisions\/2439"}],"wp:attachment":[{"href":"https:\/\/www.cilsrbija.org\/en\/wp-json\/wp\/v2\/media?parent=2435"}],"wp:term":[{"taxonomy":"category","embeddable":true,"href":"https:\/\/www.cilsrbija.org\/en\/wp-json\/wp\/v2\/categories?post=2435"},{"taxonomy":"post_tag","embeddable":true,"href":"https:\/\/www.cilsrbija.org\/en\/wp-json\/wp\/v2\/tags?post=2435"}],"curies":[{"name":"wp","href":"https:\/\/api.w.org\/{rel}","templated":true}]}}