{"id":2416,"date":"2026-03-05T08:15:25","date_gmt":"2026-03-05T07:15:25","guid":{"rendered":"https:\/\/www.cilsrbija.org\/?p=2416"},"modified":"2026-03-05T08:15:26","modified_gmt":"2026-03-05T07:15:26","slug":"medjunarodni-trening-za-liderstvo-i-ljudska-prava-za-mlade-preuzmi-vodjstvo","status":"publish","type":"post","link":"https:\/\/www.cilsrbija.org\/en\/2026\/03\/05\/medjunarodni-trening-za-liderstvo-i-ljudska-prava-za-mlade-preuzmi-vodjstvo\/","title":{"rendered":"Me\u0111unarodni trening za liderstvo i ljudska prava za mlade\u00a0\u2013\u00a0Preuzmi vo\u0111stvo"},"content":{"rendered":"<p><em><a href=\"https:\/\/enil.eu\/\">Evropska mre\u017ea za samostalni \u017eivot<\/a><\/em>&nbsp;<strong>organizuje&nbsp;<em>Me\u0111unarodni trening za liderstvo i ljudska prava za mlade<\/em>&nbsp;\u2013&nbsp;<em>Preuzmi vo\u0111stvo<\/em><\/strong>&nbsp;uz podr\u0161ku&nbsp;<em><a href=\"https:\/\/www.coe.int\/en\/web\/european-youth-foundation\">Evropske omladinske fondacije Saveta Evrope<\/a><\/em>.<\/p>\n\n\n\n<figure class=\"wp-block-image\"><img decoding=\"async\" src=\"https:\/\/portaloinvalidnosti.net\/wp-content\/uploads\/2026\/03\/Lead-On-training-course-1280x720-1-1024x576.jpg\" alt=\"\" class=\"wp-image-25627\"\/><\/figure>\n\n\n\n<p>Ponekad biti mlada osoba sa invaliditetom mo\u017ee zna\u010diti \u017eivot u izolaciji. Kada se intersekcionalnost i \u017eivotno iskustvo zanemare, mlade osobe sa invaliditetom postaju primaoci inicijativa umesto stratega, facilitatora i lidera koji stoje iza njih. \u010cesto imamo ideje, ve\u0161tine i strast, ali ne i tim i alate za delovanje.<\/p>\n\n\n\n<p>Vreme je da se to promeni!<\/p>\n\n\n\n<p><strong>Trening&nbsp;<em>Preuzmi vo\u0111stvo<\/em>&nbsp;osmi\u0161ljen je da ubrza pretvranje mladih ljudi u ve\u0161te, sposobne i samouverene nosioce promena<\/strong>.<\/p>\n\n\n\n<p><strong><em>Evropska mre\u017ea za samostalni \u017eivot<\/em>&nbsp;poziva lidere u usponu, aktiviste, zagovornike i omladinske radnike<\/strong>&nbsp;da se umre\u017eavaju, anga\u017euju, mapiraju mogu\u0107nosti za saradnju i kreiraju akcione planove ili predloge projekata koje mogu da sprovedu sa omladinskom mre\u017eom ili svojim lokalnim ili nacionalnim organizacijama.<\/p>\n\n\n\n<p><strong>Tokom pet dana,<\/strong>&nbsp;<strong>mladi ljudi sa i bez invaliditeta (od 18 do 30 godina) iz&nbsp;<a href=\"https:\/\/www.coe.int\/en\/web\/portal\/members-states\">zemalja \u010dlanica Saveta Evrope<\/a><\/strong>&nbsp;<strong>okupi\u0107e se kako bi oja\u010dali ve\u0161tine, razmenili iskustva i postali samouvereni glasovi u pokretu za prava osoba sa invaliditetom i obrazovanju o ljudskim pravima<\/strong>.<\/p>\n\n\n\n<p>Poveza\u0107ete se sa iskusnim vr\u0161njacima i timom ve\u0161tih trenera, pro\u0161iriti svoju mre\u017eu preko granica i ve\u017ebati rad u raznovrsnim, multinacionalnim timovima, zasnovanim na zajedni\u010dkim vrednostima i me\u0111usektorskom razumevanju.<\/p>\n\n\n\n<p><strong>Na treningu \u0107ete:<\/strong><\/p>\n\n\n\n<ul class=\"wp-block-list\">\n<li>oja\u010dati svoje\u00a0<strong>liderske i mobilizacione ve\u0161tine,<\/strong><\/li>\n\n\n\n<li>produbiti svoje\u00a0<strong>znanje o zastupanju prava osoba sa invaliditetom,<\/strong><\/li>\n\n\n\n<li>Izgraditi\u00a0<strong>kompetencije u obrazovanju o ljudskim pravima<\/strong>,<\/li>\n\n\n\n<li>Unaprediti\u00a0<strong>komunikacijske i facilitatorske ve\u0161tine,<\/strong><\/li>\n\n\n\n<li>Nau\u010diti\u00a0<strong>prakti\u010dne alate za planiranje projekata,<\/strong><\/li>\n\n\n\n<li><strong>Razviti akcione planove ili predloge projekata<\/strong>\u00a0koje mo\u017eete sprovesti lokalno, nacionalno ili me\u0111unarodno.<\/li>\n<\/ul>\n\n\n\n<p><strong>Gde i kada<\/strong>:<\/p>\n\n\n\n<p>Istanbul, Turska 14\u201320. april 2026. godine (uklju\u010duju\u0107i dane putovanja)<\/p>\n\n\n\n<ul class=\"wp-block-list\">\n<li>Dolazak: 14. april 2026.<\/li>\n\n\n\n<li>Program: 15\u201319. april 2026.<\/li>\n\n\n\n<li>Polazak: 20. april 2026.<\/li>\n<\/ul>\n\n\n\n<p><strong>Ko mo\u017ee da se prijavi?<\/strong><\/p>\n\n\n\n<ul class=\"wp-block-list\">\n<li>mladi sa i bez invaliditeta (od 18 do 30)<\/li>\n\n\n\n<li>lideri u usponu, aktivisti, zagovornici i omladinski radnici<\/li>\n\n\n\n<li>\u010dlanovi Omladinske mre\u017ee Evropske mre\u017ee za samostalni \u017eivot i organizacija \u010dlanica Evropske mre\u017ee za samostalni \u017eivot<\/li>\n\n\n\n<li>mladi koji su spremni da se zna\u010dajno uklju\u010de u rad na pitanjima invaliditeta i ljudskih prava.<\/li>\n<\/ul>\n\n\n\n<p>Iako \u0107e prioritet biti dat \u010dlanovima Omladinske mre\u017ee Evropske mre\u017ee za samostalni \u017eivot, zainteresovani pojedinci i\/ili predstavnici organizacije koje nisu \u010dlanovi Evropske mre\u017ee za samostalni \u017eivot se toplo podsti\u010du da se prijave.<\/p>\n\n\n\n<p><strong>Rok za prijavu: 8. mart 2026. u 23:59<\/strong>&nbsp;\u010dasova po srednjoevropskom vremenu.<\/p>\n\n\n\n<p><strong>Rezultati selekcije: 16. mart 2026. Izme\u0111u 16. i 29. marta<\/strong>.<\/p>\n\n\n\n<p>Izme\u0111u<strong>&nbsp;16. i 29. marta<\/strong>&nbsp;2026, o<strong>dabrani u\u010desnici \u0107e biti zamoljeni da zavr\u0161e neke manje pripremne zadatke<\/strong>, mapiraju\u0107i \u0161ta svako od nas donosi na brod pre nego \u0161to podignemo sidro. Ovaj prostor \u0107e biti pristupa\u010dan, inkluzivan, intersekcionalan i vo\u0111en osna\u017eivanjem. Ako ste spremni da iza\u0111ete na palubu i oblikujete kurs \u2013 ovo je &nbsp;poziv za vas.<\/p>\n\n\n\n<p><strong>Kliknite&nbsp;<a href=\"https:\/\/docs.google.com\/forms\/d\/e\/1FAIpQLScumqrTZyL3LB6pXUA93d8KcIcf3ktLlVcQNzSH1Fjp_y0Ghw\/viewform\">ovde<\/a>&nbsp;da se prijavite!<\/strong><\/p>\n\n\n\n<p><strong>Za sva pitanja kontaktirajte koordinatorku za mlade<\/strong>&nbsp;<em>Evropske mre\u017ee za samostalni \u017eivot<\/em>,&nbsp;<strong>Ninu Portola<\/strong>n, na&nbsp;<a href=\"mailto:nina.portolan@enil.eu\">nina.portolan@enil.eu<\/a><\/p>","protected":false},"excerpt":{"rendered":"<p>Evropska mre\u017ea za samostalni \u017eivot&nbsp;organizuje&nbsp;Me\u0111unarodni trening za liderstvo i ljudska prava za mlade&nbsp;\u2013&nbsp;Preuzmi vo\u0111stvo&nbsp;uz podr\u0161ku&nbsp;Evropske omladinske fondacije Saveta Evrope. Ponekad biti mlada osoba sa invaliditetom mo\u017ee zna\u010diti \u017eivot u izolaciji. Kada se intersekcionalnost i \u017eivotno iskustvo zanemare, mlade osobe sa invaliditetom postaju primaoci inicijativa umesto stratega, facilitatora i lidera koji stoje iza njih. \u010cesto imamo [&hellip;]<\/p>","protected":false},"author":2,"featured_media":0,"comment_status":"closed","ping_status":"open","sticky":false,"template":"","format":"standard","meta":{"footnotes":""},"categories":[1],"tags":[197,236,100,89],"class_list":["post-2416","post","type-post","status-publish","format-standard","hentry","category-novosti","tag-enil","tag-liderstvo","tag-ljudskaprava","tag-samostalnizivot"],"_links":{"self":[{"href":"https:\/\/www.cilsrbija.org\/en\/wp-json\/wp\/v2\/posts\/2416","targetHints":{"allow":["GET"]}}],"collection":[{"href":"https:\/\/www.cilsrbija.org\/en\/wp-json\/wp\/v2\/posts"}],"about":[{"href":"https:\/\/www.cilsrbija.org\/en\/wp-json\/wp\/v2\/types\/post"}],"author":[{"embeddable":true,"href":"https:\/\/www.cilsrbija.org\/en\/wp-json\/wp\/v2\/users\/2"}],"replies":[{"embeddable":true,"href":"https:\/\/www.cilsrbija.org\/en\/wp-json\/wp\/v2\/comments?post=2416"}],"version-history":[{"count":1,"href":"https:\/\/www.cilsrbija.org\/en\/wp-json\/wp\/v2\/posts\/2416\/revisions"}],"predecessor-version":[{"id":2417,"href":"https:\/\/www.cilsrbija.org\/en\/wp-json\/wp\/v2\/posts\/2416\/revisions\/2417"}],"wp:attachment":[{"href":"https:\/\/www.cilsrbija.org\/en\/wp-json\/wp\/v2\/media?parent=2416"}],"wp:term":[{"taxonomy":"category","embeddable":true,"href":"https:\/\/www.cilsrbija.org\/en\/wp-json\/wp\/v2\/categories?post=2416"},{"taxonomy":"post_tag","embeddable":true,"href":"https:\/\/www.cilsrbija.org\/en\/wp-json\/wp\/v2\/tags?post=2416"}],"curies":[{"name":"wp","href":"https:\/\/api.w.org\/{rel}","templated":true}]}}